{"id":4022,"date":"2022-03-16T23:57:50","date_gmt":"2022-03-16T21:57:50","guid":{"rendered":"https:\/\/sveod.gr\/?p=4022"},"modified":"2022-03-16T23:57:50","modified_gmt":"2022-03-16T21:57:50","slug":"proposta-aberta-para-uma-greve-global-de-ciclistas-e-motociclistas-em-1o-de-maio-de-2022","status":"publish","type":"post","link":"https:\/\/sveod.gr\/?p=4022","title":{"rendered":"Proposta aberta para uma greve global de ciclistas e motociclistas em 1\u00ba de maio de 2022"},"content":{"rendered":"<p><strong>Proposta aberta para uma greve global de ciclistas e motociclistas em 1\u00ba de maio de 2022<\/strong><\/p>\n<p><strong>\u00a0<\/strong><\/p>\n<p><strong>Atenas, Gr\u00e9cia<\/strong><\/p>\n<p><strong>Pavimentando o caminho para a Primeira Greve Internacional de Ciclistas e Motociclistas.<\/strong><\/p>\n<p><strong>\u2026e se n\u00e3o houver estrada, nossa luta comum abrir\u00e1 o caminho\u2026<\/strong><\/p>\n<p>&nbsp;<\/p>\n<p>Cento e trinta e seis anos se passaram desde Chicago em 1886 e a demanda por um emprego est\u00e1vel, com condi\u00e7\u00f5es de trabalho dignas e um sal\u00e1rio que atenda \u00e0s nossas reais necessidades est\u00e1 retornando de forma torturante. O grande Capital e os governos que o servem visam trazer a classe trabalhadora mundial de volta ao s\u00e9culo 19. Falando do Estado grego, a regress\u00e3o ilimitada se reflete em todas as \u00e1reas do trabalho e da vida cotidiana:<\/p>\n<ol>\n<li>A Gr\u00e9cia \u00e9 um dos poucos Estados-membro da UE em que o poder de compra do sal\u00e1rio m\u00e9dio l\u00edquido diminuiu em 2020. Ao mesmo tempo, \u00e9 o \u00fanico Estado-membro em que o sal\u00e1rio m\u00e9dio l\u00edquido \u00e9 inferior ao de 2010.<\/li>\n<li>Muitos de n\u00f3s trabalhamos em um hor\u00e1rio de 7 dias sem folga e horas extras n\u00e3o remuneradas.<\/li>\n<li>A infla\u00e7\u00e3o e os ataques fiscais est\u00e3o pressionando ainda mais a classe trabalhadora.<\/li>\n<li>Os acidentes de trabalho fatais est\u00e3o a aumentar, com 33 mortos em 2021.<\/li>\n<li>As leis profundamente antitrabalhistas do atual governo neoliberal visam proibir greves, atacar os meios de autoprote\u00e7\u00e3o dos trabalhadores e fichar membros dos sindicatos para enfraquec\u00ea-los. Tamb\u00e9m legaliza horas extras n\u00e3o remuneradas, dissolve o Departamento de Inspe\u00e7\u00e3o do Trabalho, faz vista grossa \u00e0s demiss\u00f5es de sindicalistas e aboliu o domingo como dia de folga.<\/li>\n<\/ol>\n<p>&nbsp;<\/p>\n<p><strong>Um convite de Atenas para o mundo<\/strong><\/p>\n<p>Colegas, irm\u00e3os e irm\u00e3s, a linha de produ\u00e7\u00e3o invis\u00edvel da f\u00e1brica de distribui\u00e7\u00e3o global que nos une a todos est\u00e1 em constante expans\u00e3o. E estamos todos acorrentados em suas engrenagens, milh\u00f5es de funcion\u00e1rios, que falam todas as l\u00ednguas do mundo e carregam in\u00fameros produtos para milhares de empregadores.<\/p>\n<p>Lidamos com as mesmas dificuldades, ansiedades e necessidades. Somos as formigas desta gigantesca f\u00e1brica. Trabalhando para o gigante e ao mesmo tempo cavando sua cova. Nossas lutas brotam globalmente como fontes de \u00e1gua l\u00edmpida e nossa demanda comum \u00e9 clara: N\u00c3O VAMOS VIVER COMO ESCRAVOS. E \u00e9 por isso que pretendemos uma paralisa\u00e7\u00e3o mundial no domingo, 1\u00ba de maio de 2022.<\/p>\n<p>Queremos que a linha de produ\u00e7\u00e3o invis\u00edvel da f\u00e1brica de distribui\u00e7\u00e3o global que nos une a todos pare ao mesmo tempo em todas as pequenas e grandes cidades do mundo.<\/p>\n<p>No domingo, 1\u00ba de maio de 2022, nosso objetivo \u00e9 uma marcha global nas ruas em que andamos diariamente, nas ruas de nossa luta cotidiana. Nossas a\u00e7\u00f5es em todo o mundo podem ser coordenadas, pois o terreno comum j\u00e1 foi cultivado. E como a explora\u00e7\u00e3o n\u00e3o conhece fronteiras, n\u00f3s, as formigas deste mundo, temos objetivos comuns e nada que se coloque interponha entre n\u00f3s ou nos divida.<\/p>\n<p>A resist\u00eancia constante, paralela e coordenada aos governos que servem os interesses dos poderosos, das pequenas, m\u00e9dias e grandes empresas, mas tamb\u00e9m das gigantes multinacionais de toda a Europa e de todo o mundo, \u00e9 uma luta de vital import\u00e2ncia para os nossos direitos laborais e a nossa vida quotidiana.<\/p>\n<p>Irm\u00e3os e irm\u00e3s, trabalhar para plataformas n\u00e3o \u00e9 diferente da ocupa\u00e7\u00e3o &#8220;tradicional&#8221; em correios, fast food, restaurantes ou qualquer outro neg\u00f3cio. \u00c9 falsamente apresentado como &#8220;alternativa&#8221; porque atende aos interesses de grandes corpora\u00e7\u00f5es e multinacionais. \u00c9 um truque barato, mas muito divulgado, para que os empregadores possam transferir todos os custos trabalhistas para os funcion\u00e1rios, maximizando os lucros e minimizando as despesas.<\/p>\n<p>Irm\u00e3os e irm\u00e3s, n\u00e3o somos dispens\u00e1veis. Devemos p\u00f4r um breque aos &#8220;acidentes&#8221; de trabalho. O trabalho assalariado assemelha-se a trincheiras de guerra quando a intensifica\u00e7\u00e3o \u00e9 combinada com falta de higiene e seguran\u00e7a, jornada exaustiva, contra turno, trabalho sem pausas, n\u00e3o fornecimento de Equipamentos de Prote\u00e7\u00e3o Individual, mesada e arbitrariedade patronal.<\/p>\n<p>Trabalhadores ciclistas devem ser segurados como uma ocupa\u00e7\u00e3o perigosa para todos os ciclistas e motociclistas profissionais, porque nossa profiss\u00e3o \u00e9 dif\u00edcil, perigosa e insalubre. Trabalhamos nas ruas, os acidentes de trabalho s\u00e3o extremamente frequentes, estamos expostos a todas as condi\u00e7\u00f5es clim\u00e1ticas, defeitos e irregularidades no trajeto, bem como barulho permanente. Somos um grupo de alto risco para uma s\u00e9rie de dist\u00farbios musculoesquel\u00e9ticos e outras doen\u00e7as e les\u00f5es de trabalho.<\/p>\n<p>&nbsp;<\/p>\n<p><strong>Proposta de lista de demandas:<\/strong><\/p>\n<ol>\n<li>Seguro de vida por fun\u00e7\u00e3o perigosa para todos os e as trabalhadores ciclistas e motociclistas.<\/li>\n<li>Contratos de trabalho devem ser ilimitados no tempo com direitos integrais, seguro e sal\u00e1rio para trabalhadores de plataforma e n\u00e3o plataforma, incluindo ciclistas e motociclistas.<\/li>\n<li>Ve\u00edculos da empresa com componente de carga para todos os ciclistas e motociclistas.<\/li>\n<li>Bags e mochilas de todos os tipos devem ser removidos das costas de todos os ciclistas e motociclistas.<\/li>\n<li>Celulares de trabalho e pacotes de dados de internet devem ser fornecidos para todos os motociclistas e motociclistas.<\/li>\n<li>As empresas tradicionais e plataformas devem fornecer todos os equipamentos de seguran\u00e7a individualmente para todos os trabalhadores, ciclistas e motociclistas, incluindo capacete, sapatos e roupas compat\u00edveis com todas as condi\u00e7\u00f5es clim\u00e1ticas.<\/li>\n<\/ol>\n<p>&nbsp;<\/p>\n<p>Acreditamos que esta lista de demandas que propomos refere-se a problemas comuns, mas entende-se que cada trabalhador, coletivo de ciclistas e motos ou sindicato pode agregar suas pr\u00f3prias demandas dependendo das condi\u00e7\u00f5es e problemas particulares de cada regi\u00e3o.<\/p>\n<p>Enquanto espera as assembleias para discutir, responder e participar, espalhe a palavra, espalhe o otimismo.<\/p>\n<p>Convidamos voc\u00ea a editar nossa proposta e ideias para 1\u00ba de maio de 2022. Aguardamos suas sugest\u00f5es e pensamentos em breve. Por favor, deixe-nos saber suas respostas em info@sveod.gr<\/p>\n<p><strong>\u00a0<\/strong><\/p>\n<p style=\"text-align: center;\"><strong>Lutamos pelo imposs\u00edvel hoje para evitar um amanh\u00e3 impens\u00e1vel.<\/strong><\/p>\n<p>&nbsp;<\/p>\n<p>&nbsp;<\/p>\n<p style=\"text-align: right;\">Dezembro de 2021<\/p>\n","protected":false},"excerpt":{"rendered":"<p>Proposta aberta para uma greve global de ciclistas e motociclistas em 1\u00ba de maio de 2022 \u00a0 Atenas, Gr\u00e9cia Pavimentando o caminho para a Primeira Greve Internacional de Ciclistas e Motociclistas. \u2026e se n\u00e3o houver estrada, nossa luta comum abrir\u00e1 o caminho\u2026 &nbsp; Cento e trinta e seis anos se passaram desde Chicago em 1886&#8230;<\/p>\n","protected":false},"author":2,"featured_media":3752,"comment_status":"closed","ping_status":"open","sticky":false,"template":"","format":"standard","meta":{"footnotes":""},"categories":[209],"tags":[211],"class_list":["post-4022","post","type-post","status-publish","format-standard","has-post-thumbnail","hentry","category-portugues","tag-greve-global"],"_links":{"self":[{"href":"https:\/\/sveod.gr\/index.php?rest_route=\/wp\/v2\/posts\/4022"}],"collection":[{"href":"https:\/\/sveod.gr\/index.php?rest_route=\/wp\/v2\/posts"}],"about":[{"href":"https:\/\/sveod.gr\/index.php?rest_route=\/wp\/v2\/types\/post"}],"author":[{"embeddable":true,"href":"https:\/\/sveod.gr\/index.php?rest_route=\/wp\/v2\/users\/2"}],"replies":[{"embeddable":true,"href":"https:\/\/sveod.gr\/index.php?rest_route=%2Fwp%2Fv2%2Fcomments&post=4022"}],"version-history":[{"count":1,"href":"https:\/\/sveod.gr\/index.php?rest_route=\/wp\/v2\/posts\/4022\/revisions"}],"predecessor-version":[{"id":4023,"href":"https:\/\/sveod.gr\/index.php?rest_route=\/wp\/v2\/posts\/4022\/revisions\/4023"}],"wp:featuredmedia":[{"embeddable":true,"href":"https:\/\/sveod.gr\/index.php?rest_route=\/wp\/v2\/media\/3752"}],"wp:attachment":[{"href":"https:\/\/sveod.gr\/index.php?rest_route=%2Fwp%2Fv2%2Fmedia&parent=4022"}],"wp:term":[{"taxonomy":"category","embeddable":true,"href":"https:\/\/sveod.gr\/index.php?rest_route=%2Fwp%2Fv2%2Fcategories&post=4022"},{"taxonomy":"post_tag","embeddable":true,"href":"https:\/\/sveod.gr\/index.php?rest_route=%2Fwp%2Fv2%2Ftags&post=4022"}],"curies":[{"name":"wp","href":"https:\/\/api.w.org\/{rel}","templated":true}]}}